{"id":4715,"date":"2024-05-24T09:41:34","date_gmt":"2024-05-24T07:41:34","guid":{"rendered":"https:\/\/www.lerelaisradiodelaflammeolympique.com\/?p=4715"},"modified":"2024-05-24T09:41:34","modified_gmt":"2024-05-24T07:41:34","slug":"le-depart-de-la-flamme-olympique-a-saint-emilion","status":"publish","type":"post","link":"https:\/\/www.lerelaisradiodelaflammeolympique.com\/index.php\/2024\/05\/24\/le-depart-de-la-flamme-olympique-a-saint-emilion\/","title":{"rendered":"Le d\u00e9part de la flamme olympique \u00e0 Saint Emilion"},"content":{"rendered":"\n<ul class=\"wp-block-list\">\n<li>Radio productrice :&nbsp;<strong>RCF Bordeaux<\/strong><\/li>\n\n\n\n<li>Site internet de la radio: <a href=\"https:\/\/www.rcf.fr\/bordeaux\">https:\/\/www.rcf.fr\/bordeaux<\/a><\/li>\n\n\n\n<li>Date du passage de la Flamme Olympique :&nbsp;<strong>23\/05\/2024<\/strong><\/li>\n\n\n\n<li>Territoire concern\u00e9 :&nbsp;Nouvelle-Aquitaine, Gironde, St EMilion<\/li>\n<\/ul>\n\n\n\n<blockquote class=\"wp-block-quote is-layout-flow wp-block-quote-is-layout-flow\">\n<p>Ecoutez la production sonore et diffusez la sur votre radio associative !<\/p>\n<\/blockquote>\n\n\n\n<div class=\"wp-block-columns is-layout-flex wp-container-core-columns-is-layout-28f84493 wp-block-columns-is-layout-flex\">\n<div class=\"wp-block-column is-layout-flow wp-block-column-is-layout-flow\" style=\"flex-basis:100%\">\n<div class=\"wp-block-group is-layout-constrained wp-block-group-is-layout-constrained\">\n<figure class=\"wp-block-audio\"><audio controls src=\"https:\/\/www.lerelaisradiodelaflammeolympique.com\/wp-content\/uploads\/2024\/05\/23052024-RCF-Bordeaux.mp3\"><\/audio><\/figure>\n<\/div>\n<\/div>\n<\/div>\n\n\n\n<p><\/p>\n","protected":false},"excerpt":{"rendered":"<p>14\u00e8me \u00e9tape de la flamme olympique ce jeudi en Gironde. Une \u00e9tape qui a d\u00e9but\u00e9 avec un porteur \u00e0 cheval, le champion olympique Pierre Durand, \u00e0 St Emilion. Une image marquante d\u2019une flamme olympique au coeur du vignoble le plus c\u00e9l\u00e8bre du monde, m\u00eame si la liesse populaire \u00e9tait peu visible en ce d\u00e9but de journ\u00e9e.<\/p>\n<p>Reportage r\u00e9alis\u00e9 par Violaine Attimont, RCF Bordeaux<\/p>\n","protected":false},"author":4,"featured_media":4723,"comment_status":"closed","ping_status":"closed","sticky":false,"template":"","format":"standard","meta":{"footnotes":""},"categories":[79,83],"tags":[112],"class_list":["post-4715","post","type-post","status-publish","format-standard","has-post-thumbnail","hentry","category-les-jo-sur-le-territoire","category-nouvelle-aquitaine","tag-flammeolympique"],"_links":{"self":[{"href":"https:\/\/www.lerelaisradiodelaflammeolympique.com\/index.php\/wp-json\/wp\/v2\/posts\/4715","targetHints":{"allow":["GET"]}}],"collection":[{"href":"https:\/\/www.lerelaisradiodelaflammeolympique.com\/index.php\/wp-json\/wp\/v2\/posts"}],"about":[{"href":"https:\/\/www.lerelaisradiodelaflammeolympique.com\/index.php\/wp-json\/wp\/v2\/types\/post"}],"author":[{"embeddable":true,"href":"https:\/\/www.lerelaisradiodelaflammeolympique.com\/index.php\/wp-json\/wp\/v2\/users\/4"}],"replies":[{"embeddable":true,"href":"https:\/\/www.lerelaisradiodelaflammeolympique.com\/index.php\/wp-json\/wp\/v2\/comments?post=4715"}],"version-history":[{"count":1,"href":"https:\/\/www.lerelaisradiodelaflammeolympique.com\/index.php\/wp-json\/wp\/v2\/posts\/4715\/revisions"}],"predecessor-version":[{"id":4720,"href":"https:\/\/www.lerelaisradiodelaflammeolympique.com\/index.php\/wp-json\/wp\/v2\/posts\/4715\/revisions\/4720"}],"wp:featuredmedia":[{"embeddable":true,"href":"https:\/\/www.lerelaisradiodelaflammeolympique.com\/index.php\/wp-json\/wp\/v2\/media\/4723"}],"wp:attachment":[{"href":"https:\/\/www.lerelaisradiodelaflammeolympique.com\/index.php\/wp-json\/wp\/v2\/media?parent=4715"}],"wp:term":[{"taxonomy":"category","embeddable":true,"href":"https:\/\/www.lerelaisradiodelaflammeolympique.com\/index.php\/wp-json\/wp\/v2\/categories?post=4715"},{"taxonomy":"post_tag","embeddable":true,"href":"https:\/\/www.lerelaisradiodelaflammeolympique.com\/index.php\/wp-json\/wp\/v2\/tags?post=4715"}],"curies":[{"name":"wp","href":"https:\/\/api.w.org\/{rel}","templated":true}]}}