{"id":4756,"date":"2024-05-28T00:36:00","date_gmt":"2024-05-27T22:36:00","guid":{"rendered":"https:\/\/www.lerelaisradiodelaflammeolympique.com\/?p=4756"},"modified":"2024-05-28T10:36:07","modified_gmt":"2024-05-28T08:36:07","slug":"ahmed-boughera-el-ouafi-vainqueur-du-marathon-1924-un-champion-oublie","status":"publish","type":"post","link":"https:\/\/www.lerelaisradiodelaflammeolympique.com\/index.php\/2024\/05\/28\/ahmed-boughera-el-ouafi-vainqueur-du-marathon-1924-un-champion-oublie\/","title":{"rendered":"Ahmed Boughera EL OUAFI, vainqueur du marathon 1924, un champion oubli\u00e9"},"content":{"rendered":"\n<ul class=\"wp-block-list\">\n<li>Radio productrice :\u00a0<strong>Radio G!<\/strong><\/li>\n\n\n\n<li>Site internet de la radio<a href=\"https:\/\/frequence-sille.org\/newsite\/\">: <\/a><a href=\"https:\/\/www.radio-g.fr\/internet\/index.php\">https:\/\/www.radio-g.fr\/internet\/index.php<\/a><\/li>\n\n\n\n<li>Date du passage de la Flamme Olympique :\u00a0<strong>28\/05\/2024<\/strong><\/li>\n\n\n\n<li>Territoire concern\u00e9 :\u00a0Maine et Loire, Angers<\/li>\n<\/ul>\n\n\n\n<blockquote class=\"wp-block-quote is-layout-flow wp-block-quote-is-layout-flow\">\n<p>Ecoutez la production sonore et diffusez la sur votre radio associative !<\/p>\n<\/blockquote>\n\n\n\n<div class=\"wp-block-columns is-layout-flex wp-container-core-columns-is-layout-28f84493 wp-block-columns-is-layout-flex\">\n<div class=\"wp-block-column is-layout-flow wp-block-column-is-layout-flow\" style=\"flex-basis:100%\">\n<div class=\"wp-block-group is-layout-constrained wp-block-group-is-layout-constrained\">\n<figure class=\"wp-block-audio\"><audio controls src=\"https:\/\/www.lerelaisradiodelaflammeolympique.com\/wp-content\/uploads\/2024\/05\/20240528_radioG.mp3\"><\/audio><\/figure>\n<\/div>\n<\/div>\n<\/div>\n","protected":false},"excerpt":{"rendered":"<p>Alors que se profile l\u2019Exposition coloniale internationale \u00e0 Paris, apog\u00e9e de la domination fran\u00e7aise sur ses possessions outre-mer, un \u00ab indig\u00e8ne alg\u00e9rien \u00bb jusqu\u2019alors inconnu r\u00e9pondant au nom de Ahmed Boughera El Ouafi s\u2019impose contre toute attente lors de la prestigieuse \u00e9preuve du marathon, le 5 ao\u00fbt 1928 \u00e0 Amsterdam.<br \/>\nIl subira ensuite le r\u00e8glement relatif \u00e0 l&rsquo;obligation d&rsquo;amateurisme.<br \/>\nUn destin bris\u00e9&#8230;<\/p>\n","protected":false},"author":4,"featured_media":4763,"comment_status":"closed","ping_status":"closed","sticky":false,"template":"","format":"standard","meta":{"footnotes":""},"categories":[85,72],"tags":[165,164],"class_list":["post-4756","post","type-post","status-publish","format-standard","has-post-thumbnail","hentry","category-pays-de-la-loire","category-sport-culture","tag-elouafi","tag-marathon"],"_links":{"self":[{"href":"https:\/\/www.lerelaisradiodelaflammeolympique.com\/index.php\/wp-json\/wp\/v2\/posts\/4756","targetHints":{"allow":["GET"]}}],"collection":[{"href":"https:\/\/www.lerelaisradiodelaflammeolympique.com\/index.php\/wp-json\/wp\/v2\/posts"}],"about":[{"href":"https:\/\/www.lerelaisradiodelaflammeolympique.com\/index.php\/wp-json\/wp\/v2\/types\/post"}],"author":[{"embeddable":true,"href":"https:\/\/www.lerelaisradiodelaflammeolympique.com\/index.php\/wp-json\/wp\/v2\/users\/4"}],"replies":[{"embeddable":true,"href":"https:\/\/www.lerelaisradiodelaflammeolympique.com\/index.php\/wp-json\/wp\/v2\/comments?post=4756"}],"version-history":[{"count":1,"href":"https:\/\/www.lerelaisradiodelaflammeolympique.com\/index.php\/wp-json\/wp\/v2\/posts\/4756\/revisions"}],"predecessor-version":[{"id":4761,"href":"https:\/\/www.lerelaisradiodelaflammeolympique.com\/index.php\/wp-json\/wp\/v2\/posts\/4756\/revisions\/4761"}],"wp:featuredmedia":[{"embeddable":true,"href":"https:\/\/www.lerelaisradiodelaflammeolympique.com\/index.php\/wp-json\/wp\/v2\/media\/4763"}],"wp:attachment":[{"href":"https:\/\/www.lerelaisradiodelaflammeolympique.com\/index.php\/wp-json\/wp\/v2\/media?parent=4756"}],"wp:term":[{"taxonomy":"category","embeddable":true,"href":"https:\/\/www.lerelaisradiodelaflammeolympique.com\/index.php\/wp-json\/wp\/v2\/categories?post=4756"},{"taxonomy":"post_tag","embeddable":true,"href":"https:\/\/www.lerelaisradiodelaflammeolympique.com\/index.php\/wp-json\/wp\/v2\/tags?post=4756"}],"curies":[{"name":"wp","href":"https:\/\/api.w.org\/{rel}","templated":true}]}}