{"id":4800,"date":"2024-06-26T00:09:00","date_gmt":"2024-06-25T22:09:00","guid":{"rendered":"https:\/\/www.lerelaisradiodelaflammeolympique.com\/?p=4800"},"modified":"2024-06-01T14:14:46","modified_gmt":"2024-06-01T12:14:46","slug":"charlotte-lutz-pongiste-et-porteuse-de-la-flamme-olympique-en-alsace","status":"publish","type":"post","link":"https:\/\/www.lerelaisradiodelaflammeolympique.com\/index.php\/2024\/06\/26\/charlotte-lutz-pongiste-et-porteuse-de-la-flamme-olympique-en-alsace\/","title":{"rendered":"Charlotte Lutz, pongiste et porteuse de la flamme olympique en Alsace"},"content":{"rendered":"\n<ul class=\"wp-block-list\">\n<li>Radio productrice :&nbsp;<strong>AZUR FM<\/strong><\/li>\n\n\n\n<li>Site internet de la radio :<a href=\"https:\/\/azur-fm.com\/\">https:\/\/azur-fm.com\/<\/a><\/li>\n\n\n\n<li>Date du passage de la Flamme Olympique :&nbsp;<strong>26\/06\/2024<\/strong><\/li>\n\n\n\n<li>Territoire concern\u00e9 :&nbsp;Alsace &#8211; S\u00e9lestat<\/li>\n<\/ul>\n\n\n\n<blockquote class=\"wp-block-quote is-layout-flow wp-block-quote-is-layout-flow\">\n<p>Ecoutez la production sonore et diffusez la sur votre radio associative !<\/p>\n<\/blockquote>\n\n\n\n<div class=\"wp-block-columns is-layout-flex wp-container-core-columns-is-layout-28f84493 wp-block-columns-is-layout-flex\">\n<div class=\"wp-block-column is-layout-flow wp-block-column-is-layout-flow\" style=\"flex-basis:100%\">\n<div class=\"wp-block-group is-layout-constrained wp-block-group-is-layout-constrained\">\n<figure class=\"wp-block-audio\"><audio controls src=\"https:\/\/www.lerelaisradiodelaflammeolympique.com\/wp-content\/uploads\/2024\/06\/20240626_AZURFM_3.mp3\"><\/audio><\/figure>\n<\/div>\n<\/div>\n<\/div>\n","protected":false},"excerpt":{"rendered":"<p>Cette prodige du tennis de table n\u2019a que 19 ans mais elle est d\u00e9j\u00e0 connue partout en France et dans le monde. Charlotte Lutz, licenci\u00e9e au club de Schiltigheim, en Alsace, vient tout juste d\u2019obtenir son bac et esp\u00e8re pouvoir participer aux Jeux Olympiques de Paris le 26 juillet prochain. Avant son d\u00e9part probable pour Paris, elle sera porteuse de la flamme olympique en Alsace, \u00e0 Strasbourg. Un entretien exclusif pour Azur FM.<\/p>\n","protected":false},"author":4,"featured_media":4801,"comment_status":"closed","ping_status":"closed","sticky":false,"template":"","format":"standard","meta":{"footnotes":""},"categories":[86,71],"tags":[173,175],"class_list":["post-4800","post","type-post","status-publish","format-standard","has-post-thumbnail","hentry","category-grand-est","category-sport-au-feminin","tag-alsace","tag-pingpong"],"_links":{"self":[{"href":"https:\/\/www.lerelaisradiodelaflammeolympique.com\/index.php\/wp-json\/wp\/v2\/posts\/4800","targetHints":{"allow":["GET"]}}],"collection":[{"href":"https:\/\/www.lerelaisradiodelaflammeolympique.com\/index.php\/wp-json\/wp\/v2\/posts"}],"about":[{"href":"https:\/\/www.lerelaisradiodelaflammeolympique.com\/index.php\/wp-json\/wp\/v2\/types\/post"}],"author":[{"embeddable":true,"href":"https:\/\/www.lerelaisradiodelaflammeolympique.com\/index.php\/wp-json\/wp\/v2\/users\/4"}],"replies":[{"embeddable":true,"href":"https:\/\/www.lerelaisradiodelaflammeolympique.com\/index.php\/wp-json\/wp\/v2\/comments?post=4800"}],"version-history":[{"count":1,"href":"https:\/\/www.lerelaisradiodelaflammeolympique.com\/index.php\/wp-json\/wp\/v2\/posts\/4800\/revisions"}],"predecessor-version":[{"id":4803,"href":"https:\/\/www.lerelaisradiodelaflammeolympique.com\/index.php\/wp-json\/wp\/v2\/posts\/4800\/revisions\/4803"}],"wp:featuredmedia":[{"embeddable":true,"href":"https:\/\/www.lerelaisradiodelaflammeolympique.com\/index.php\/wp-json\/wp\/v2\/media\/4801"}],"wp:attachment":[{"href":"https:\/\/www.lerelaisradiodelaflammeolympique.com\/index.php\/wp-json\/wp\/v2\/media?parent=4800"}],"wp:term":[{"taxonomy":"category","embeddable":true,"href":"https:\/\/www.lerelaisradiodelaflammeolympique.com\/index.php\/wp-json\/wp\/v2\/categories?post=4800"},{"taxonomy":"post_tag","embeddable":true,"href":"https:\/\/www.lerelaisradiodelaflammeolympique.com\/index.php\/wp-json\/wp\/v2\/tags?post=4800"}],"curies":[{"name":"wp","href":"https:\/\/api.w.org\/{rel}","templated":true}]}}