{"id":4945,"date":"2024-06-28T00:05:00","date_gmt":"2024-06-27T22:05:00","guid":{"rendered":"https:\/\/www.lerelaisradiodelaflammeolympique.com\/?p=4945"},"modified":"2024-06-21T17:45:56","modified_gmt":"2024-06-21T15:45:56","slug":"portrait-de-clothilde-del-ben-porteuse-de-la-flamme-olympique-a-saint-dizier","status":"publish","type":"post","link":"https:\/\/www.lerelaisradiodelaflammeolympique.com\/index.php\/2024\/06\/28\/portrait-de-clothilde-del-ben-porteuse-de-la-flamme-olympique-a-saint-dizier\/","title":{"rendered":"Portrait de Clothilde Del Ben, porteuse de la Flamme Olympique \u00e0 Saint-Dizier"},"content":{"rendered":"\n<ul class=\"wp-block-list\">\n<li>Radio productrice :\u00a0<strong>RADIO DU TRIANGLE<\/strong><\/li>\n\n\n\n<li>Site internet de la radio : <a href=\"http:\/\/www.radiodutriangle.fr\/\">http:\/\/www.radiodutriangle.fr\/<\/a><\/li>\n\n\n\n<li>Date du passage de la Flamme Olympique :\u00a0<strong>28\/07\/2024<\/strong><\/li>\n\n\n\n<li>Territoire concern\u00e9 :\u00a0Saint-Dizier, Haute-Marne<\/li>\n<\/ul>\n\n\n\n<blockquote class=\"wp-block-quote is-layout-flow wp-block-quote-is-layout-flow\">\n<p>Ecoutez la production sonore et diffusez la sur votre radio associative !<\/p>\n<\/blockquote>\n\n\n\n<div class=\"wp-block-columns is-layout-flex wp-container-core-columns-is-layout-28f84493 wp-block-columns-is-layout-flex\">\n<div class=\"wp-block-column is-layout-flow wp-block-column-is-layout-flow\" style=\"flex-basis:100%\">\n<div class=\"wp-block-group is-layout-constrained wp-block-group-is-layout-constrained\">\n<figure class=\"wp-block-audio\"><audio controls src=\"https:\/\/www.lerelaisradiodelaflammeolympique.com\/wp-content\/uploads\/2024\/06\/Portrait-Olympique-Clothilde-del-Ben-28062024-Radio-du-Triangle-Haute-Marne-Sport-au-feminin.mp3\"><\/audio><\/figure>\n<\/div>\n<\/div>\n<\/div>\n","protected":false},"excerpt":{"rendered":"<p>Clotilde del Ben, infirmi\u00e8re, \u00e0 l&rsquo;h\u00f4pital de Saint-Dizier, est l&rsquo;un des 4 porteurs de flammes s\u00e9lectionn\u00e9 par la ville de Saint-Dizier.<br \/>\nSportive depuis son plus jeune \u00e2ge, elle a pratiqu\u00e9 la danse classique et moderne de ses 3 \u00e0 ses 13 ans, elle se consacre aujourd&rsquo;hui pleinement \u00e0 la boxe anglaise.<br \/>\nElle a obtenu deux titres de championne de France durant l\u2019ann\u00e9e 2023. Objectif les championats d&rsquo;Europe.<br \/>\nElle portera la flamme ce 28 juin 2024 dans les rues de Saint Dizier  <\/p>\n","protected":false},"author":3,"featured_media":4947,"comment_status":"closed","ping_status":"closed","sticky":false,"template":"","format":"standard","meta":{"footnotes":""},"categories":[86,79],"tags":[155,210,116],"class_list":["post-4945","post","type-post","status-publish","format-standard","has-post-thumbnail","hentry","category-grand-est","category-les-jo-sur-le-territoire","tag-boxe","tag-est","tag-porteurflamme"],"_links":{"self":[{"href":"https:\/\/www.lerelaisradiodelaflammeolympique.com\/index.php\/wp-json\/wp\/v2\/posts\/4945","targetHints":{"allow":["GET"]}}],"collection":[{"href":"https:\/\/www.lerelaisradiodelaflammeolympique.com\/index.php\/wp-json\/wp\/v2\/posts"}],"about":[{"href":"https:\/\/www.lerelaisradiodelaflammeolympique.com\/index.php\/wp-json\/wp\/v2\/types\/post"}],"author":[{"embeddable":true,"href":"https:\/\/www.lerelaisradiodelaflammeolympique.com\/index.php\/wp-json\/wp\/v2\/users\/3"}],"replies":[{"embeddable":true,"href":"https:\/\/www.lerelaisradiodelaflammeolympique.com\/index.php\/wp-json\/wp\/v2\/comments?post=4945"}],"version-history":[{"count":1,"href":"https:\/\/www.lerelaisradiodelaflammeolympique.com\/index.php\/wp-json\/wp\/v2\/posts\/4945\/revisions"}],"predecessor-version":[{"id":4948,"href":"https:\/\/www.lerelaisradiodelaflammeolympique.com\/index.php\/wp-json\/wp\/v2\/posts\/4945\/revisions\/4948"}],"wp:featuredmedia":[{"embeddable":true,"href":"https:\/\/www.lerelaisradiodelaflammeolympique.com\/index.php\/wp-json\/wp\/v2\/media\/4947"}],"wp:attachment":[{"href":"https:\/\/www.lerelaisradiodelaflammeolympique.com\/index.php\/wp-json\/wp\/v2\/media?parent=4945"}],"wp:term":[{"taxonomy":"category","embeddable":true,"href":"https:\/\/www.lerelaisradiodelaflammeolympique.com\/index.php\/wp-json\/wp\/v2\/categories?post=4945"},{"taxonomy":"post_tag","embeddable":true,"href":"https:\/\/www.lerelaisradiodelaflammeolympique.com\/index.php\/wp-json\/wp\/v2\/tags?post=4945"}],"curies":[{"name":"wp","href":"https:\/\/api.w.org\/{rel}","templated":true}]}}