{"id":5036,"date":"2024-07-15T00:01:00","date_gmt":"2024-07-14T22:01:00","guid":{"rendered":"https:\/\/www.lerelaisradiodelaflammeolympique.com\/?p=5036"},"modified":"2024-07-10T14:30:47","modified_gmt":"2024-07-10T12:30:47","slug":"brigitte-deydier-ancienne-judokate-medaillee-lors-des-jo-dete-de-1988","status":"publish","type":"post","link":"https:\/\/www.lerelaisradiodelaflammeolympique.com\/index.php\/2024\/07\/15\/brigitte-deydier-ancienne-judokate-medaillee-lors-des-jo-dete-de-1988\/","title":{"rendered":"Brigitte Deydier, ancienne judokate m\u00e9daill\u00e9e lors des JO d&rsquo;\u00e9t\u00e9 de 1988"},"content":{"rendered":"\n<ul class=\"wp-block-list\">\n<li>Radio productrice :&nbsp;<strong>Radio Sensation<\/strong>s<\/li>\n\n\n\n<li>Site internet de la radio: <a href=\"https:\/\/www.radiosensations.fr\/\">https:\/\/www.radiosensations.fr\/<\/a><\/li>\n\n\n\n<li>Date du passage de la Flamme Olympique :\u00a0<strong>15\/07\/2024<\/strong><\/li>\n\n\n\n<li>Territoire concern\u00e9 :\u00a0 Paris<\/li>\n<\/ul>\n\n\n\n<blockquote class=\"wp-block-quote is-layout-flow wp-block-quote-is-layout-flow\">\n<p>Ecoutez la production sonore et diffusez la sur votre radio associative !<\/p>\n<\/blockquote>\n\n\n\n<div class=\"wp-block-columns is-layout-flex wp-container-core-columns-is-layout-28f84493 wp-block-columns-is-layout-flex\">\n<div class=\"wp-block-column is-layout-flow wp-block-column-is-layout-flow\" style=\"flex-basis:100%\">\n<div class=\"wp-block-group is-layout-constrained wp-block-group-is-layout-constrained\">\n<figure class=\"wp-block-audio\"><audio controls src=\"https:\/\/www.lerelaisradiodelaflammeolympique.com\/wp-content\/uploads\/2024\/07\/190724-RADIO-SENSATIONS1.mp3\"><\/audio><\/figure>\n<\/div>\n<\/div>\n<\/div>\n","protected":false},"excerpt":{"rendered":"<p>Brigitte Deydier, ancienne judokate m\u00e9daill\u00e9e lors des JO d&rsquo;\u00e9t\u00e9 de 1988. Elle nous parle de la place des femmes dans le sport et son combat pour am\u00e9liorer la valorisation du sport au f\u00e9minin (Sport au f\u00e9minin) <\/p>\n","protected":false},"author":4,"featured_media":5038,"comment_status":"closed","ping_status":"closed","sticky":false,"template":"","format":"standard","meta":{"footnotes":""},"categories":[89,71],"tags":[95],"class_list":["post-5036","post","type-post","status-publish","format-standard","has-post-thumbnail","hentry","category-ile-de-france","category-sport-au-feminin","tag-valeurs"],"_links":{"self":[{"href":"https:\/\/www.lerelaisradiodelaflammeolympique.com\/index.php\/wp-json\/wp\/v2\/posts\/5036","targetHints":{"allow":["GET"]}}],"collection":[{"href":"https:\/\/www.lerelaisradiodelaflammeolympique.com\/index.php\/wp-json\/wp\/v2\/posts"}],"about":[{"href":"https:\/\/www.lerelaisradiodelaflammeolympique.com\/index.php\/wp-json\/wp\/v2\/types\/post"}],"author":[{"embeddable":true,"href":"https:\/\/www.lerelaisradiodelaflammeolympique.com\/index.php\/wp-json\/wp\/v2\/users\/4"}],"replies":[{"embeddable":true,"href":"https:\/\/www.lerelaisradiodelaflammeolympique.com\/index.php\/wp-json\/wp\/v2\/comments?post=5036"}],"version-history":[{"count":2,"href":"https:\/\/www.lerelaisradiodelaflammeolympique.com\/index.php\/wp-json\/wp\/v2\/posts\/5036\/revisions"}],"predecessor-version":[{"id":5068,"href":"https:\/\/www.lerelaisradiodelaflammeolympique.com\/index.php\/wp-json\/wp\/v2\/posts\/5036\/revisions\/5068"}],"wp:featuredmedia":[{"embeddable":true,"href":"https:\/\/www.lerelaisradiodelaflammeolympique.com\/index.php\/wp-json\/wp\/v2\/media\/5038"}],"wp:attachment":[{"href":"https:\/\/www.lerelaisradiodelaflammeolympique.com\/index.php\/wp-json\/wp\/v2\/media?parent=5036"}],"wp:term":[{"taxonomy":"category","embeddable":true,"href":"https:\/\/www.lerelaisradiodelaflammeolympique.com\/index.php\/wp-json\/wp\/v2\/categories?post=5036"},{"taxonomy":"post_tag","embeddable":true,"href":"https:\/\/www.lerelaisradiodelaflammeolympique.com\/index.php\/wp-json\/wp\/v2\/tags?post=5036"}],"curies":[{"name":"wp","href":"https:\/\/api.w.org\/{rel}","templated":true}]}}